{"id":11314,"date":"2019-05-06T13:13:07","date_gmt":"2019-05-06T13:13:07","guid":{"rendered":"https:\/\/www.cykelskolbanken.se\/?p=11314"},"modified":"2019-05-06T13:44:16","modified_gmt":"2019-05-06T13:44:16","slug":"radio-p4-om-var-cykelskolbank-i-bromolla","status":"publish","type":"post","link":"https:\/\/www.cykelskolbanken.se\/?p=11314","title":{"rendered":"Radio P4 om v\u00e5ra cykelskolb\u00e4nkar i Brom\u00f6lla"},"content":{"rendered":"\n<p>I dagens (m\u00e5ndag 6 maj) gjordes ett l\u00e4ngre reportage om inf\u00f6randet av v\u00e5ra cykelskolb\u00e4nkar p\u00e5 Dalaskolan i Brom\u00f6lla. H\u00f6r reportaget i sin korthet d\u00e4r b\u00e5de rektor och elever uttalar sig <a aria-label=\" (\u00f6ppnas i en ny flik)\" href=\"https:\/\/sverigesradio.se\/sida\/artikel.aspx?programid=101&amp;artikel=7211990\" target=\"_blank\" rel=\"noreferrer noopener\">https:\/\/sverigesradio.se\/sida\/artikel.aspx?programid=101&amp;artikel=7211990 <\/a><\/p>\n","protected":false},"excerpt":{"rendered":"<p>I dagens (m\u00e5ndag 6 maj) gjordes ett l\u00e4ngre reportage om inf\u00f6randet av v\u00e5ra cykelskolb\u00e4nkar p\u00e5 Dalaskolan i Brom\u00f6lla. H\u00f6r reportaget i sin korthet d\u00e4r b\u00e5de rektor och elever uttalar sig https:\/\/sverigesradio.se\/sida\/artikel.aspx?programid=101&amp;artikel=7211990<\/p>\n","protected":false},"author":3,"featured_media":11319,"comment_status":"closed","ping_status":"closed","sticky":false,"template":"","format":"standard","meta":{"footnotes":""},"categories":[16],"tags":[],"class_list":["post-11314","post","type-post","status-publish","format-standard","has-post-thumbnail","hentry","category-nyheter"],"_links":{"self":[{"href":"https:\/\/www.cykelskolbanken.se\/index.php?rest_route=\/wp\/v2\/posts\/11314","targetHints":{"allow":["GET"]}}],"collection":[{"href":"https:\/\/www.cykelskolbanken.se\/index.php?rest_route=\/wp\/v2\/posts"}],"about":[{"href":"https:\/\/www.cykelskolbanken.se\/index.php?rest_route=\/wp\/v2\/types\/post"}],"author":[{"embeddable":true,"href":"https:\/\/www.cykelskolbanken.se\/index.php?rest_route=\/wp\/v2\/users\/3"}],"replies":[{"embeddable":true,"href":"https:\/\/www.cykelskolbanken.se\/index.php?rest_route=%2Fwp%2Fv2%2Fcomments&post=11314"}],"version-history":[{"count":4,"href":"https:\/\/www.cykelskolbanken.se\/index.php?rest_route=\/wp\/v2\/posts\/11314\/revisions"}],"predecessor-version":[{"id":11318,"href":"https:\/\/www.cykelskolbanken.se\/index.php?rest_route=\/wp\/v2\/posts\/11314\/revisions\/11318"}],"wp:featuredmedia":[{"embeddable":true,"href":"https:\/\/www.cykelskolbanken.se\/index.php?rest_route=\/wp\/v2\/media\/11319"}],"wp:attachment":[{"href":"https:\/\/www.cykelskolbanken.se\/index.php?rest_route=%2Fwp%2Fv2%2Fmedia&parent=11314"}],"wp:term":[{"taxonomy":"category","embeddable":true,"href":"https:\/\/www.cykelskolbanken.se\/index.php?rest_route=%2Fwp%2Fv2%2Fcategories&post=11314"},{"taxonomy":"post_tag","embeddable":true,"href":"https:\/\/www.cykelskolbanken.se\/index.php?rest_route=%2Fwp%2Fv2%2Ftags&post=11314"}],"curies":[{"name":"wp","href":"https:\/\/api.w.org\/{rel}","templated":true}]}}